{"id":84,"date":"2021-04-30T18:54:00","date_gmt":"2021-04-30T16:54:00","guid":{"rendered":"https:\/\/emilszwajk.pl\/?p=84"},"modified":"2022-04-24T12:47:54","modified_gmt":"2022-04-24T10:47:54","slug":"singiel-raaj-emil-szwajk-feat-paprodziad","status":"publish","type":"post","link":"https:\/\/emilszwajk.pl\/index.php\/2021\/04\/30\/singiel-raaj-emil-szwajk-feat-paprodziad\/","title":{"rendered":"Singiel &#8222;Raaj&#8221; Emil Szwajk feat. Paprodziad"},"content":{"rendered":"\n<div class=\"wp-block-image\"><figure class=\"aligncenter size-large is-resized\"><img loading=\"lazy\" src=\"https:\/\/emilszwajk.pl\/wp-content\/uploads\/2022\/03\/okladka-singla-raaj-1024x1024.png\" alt=\"ok\u0142adka singla &quot;Raaj&quot;\" class=\"wp-image-150\" width=\"392\" height=\"392\" srcset=\"https:\/\/emilszwajk.pl\/wp-content\/uploads\/2022\/03\/okladka-singla-raaj-1024x1024.png 1024w, https:\/\/emilszwajk.pl\/wp-content\/uploads\/2022\/03\/okladka-singla-raaj-300x300.png 300w, https:\/\/emilszwajk.pl\/wp-content\/uploads\/2022\/03\/okladka-singla-raaj-150x150.png 150w, https:\/\/emilszwajk.pl\/wp-content\/uploads\/2022\/03\/okladka-singla-raaj-768x768.png 768w, https:\/\/emilszwajk.pl\/wp-content\/uploads\/2022\/03\/okladka-singla-raaj-640x640.png 640w, https:\/\/emilszwajk.pl\/wp-content\/uploads\/2022\/03\/okladka-singla-raaj-50x50.png 50w, https:\/\/emilszwajk.pl\/wp-content\/uploads\/2022\/03\/okladka-singla-raaj.png 1080w\" sizes=\"(max-width: 392px) 100vw, 392px\" \/><figcaption>ok\u0142adka singla Raaj Emil Szwajk Paprodziad<\/figcaption><\/figure><\/div>\n\n\n\n<p><\/p>\n\n\n\n<p>29 kwietnia 2021 roku swoj\u0105 premier\u0119 mia\u0142 nowy singiel zatytu\u0142owany &#8222;Raaj&#8221;. W utworze wyst\u0105pi\u0142 go\u015b\u0107 specjalny W\u0142odek &#8222;Paprodziad&#8221; Dembowski. Muzyk\u0119 skomponowa\u0142 Emil Szwajk. Na perkusji zagra\u0142 Nello Basini, a mixem i masteringiem zaj\u0105\u0142 si\u0119 Marcin Szwajcer. <\/p>\n\n\n\n<p><\/p>\n\n\n\n<figure class=\"wp-block-embed is-type-video is-provider-youtube wp-block-embed-youtube wp-embed-aspect-16-9 wp-has-aspect-ratio\"><div class=\"wp-block-embed__wrapper\">\n<iframe loading=\"lazy\" title=\"Emil Szwajk feat. Paprodziad - RAAJ (Official Video)\" width=\"920\" height=\"518\" src=\"https:\/\/www.youtube.com\/embed\/65Rd1P9MzA0?feature=oembed\" frameborder=\"0\" allow=\"accelerometer; autoplay; clipboard-write; encrypted-media; gyroscope; picture-in-picture\" allowfullscreen><\/iframe>\n<\/div><\/figure>\n","protected":false},"excerpt":{"rendered":"<p>29 kwietnia 2021 roku swoj\u0105 premier\u0119 mia\u0142 nowy singiel zatytu\u0142owany &#8222;Raaj&#8221;. W utworze wyst\u0105pi\u0142 go\u015b\u0107 specjalny W\u0142odek &#8222;Paprodziad&#8221; Dembowski. Muzyk\u0119 skomponowa\u0142 Emil Szwajk. Na perkusji zagra\u0142 Nello Basini, a mixem i masteringiem zaj\u0105\u0142 si\u0119 Marcin Szwajcer.<\/p>\n","protected":false},"author":1,"featured_media":80,"comment_status":"open","ping_status":"open","sticky":false,"template":"","format":"standard","meta":[],"categories":[9],"tags":[],"_links":{"self":[{"href":"https:\/\/emilszwajk.pl\/index.php\/wp-json\/wp\/v2\/posts\/84"}],"collection":[{"href":"https:\/\/emilszwajk.pl\/index.php\/wp-json\/wp\/v2\/posts"}],"about":[{"href":"https:\/\/emilszwajk.pl\/index.php\/wp-json\/wp\/v2\/types\/post"}],"author":[{"embeddable":true,"href":"https:\/\/emilszwajk.pl\/index.php\/wp-json\/wp\/v2\/users\/1"}],"replies":[{"embeddable":true,"href":"https:\/\/emilszwajk.pl\/index.php\/wp-json\/wp\/v2\/comments?post=84"}],"version-history":[{"count":17,"href":"https:\/\/emilszwajk.pl\/index.php\/wp-json\/wp\/v2\/posts\/84\/revisions"}],"predecessor-version":[{"id":186,"href":"https:\/\/emilszwajk.pl\/index.php\/wp-json\/wp\/v2\/posts\/84\/revisions\/186"}],"wp:featuredmedia":[{"embeddable":true,"href":"https:\/\/emilszwajk.pl\/index.php\/wp-json\/wp\/v2\/media\/80"}],"wp:attachment":[{"href":"https:\/\/emilszwajk.pl\/index.php\/wp-json\/wp\/v2\/media?parent=84"}],"wp:term":[{"taxonomy":"category","embeddable":true,"href":"https:\/\/emilszwajk.pl\/index.php\/wp-json\/wp\/v2\/categories?post=84"},{"taxonomy":"post_tag","embeddable":true,"href":"https:\/\/emilszwajk.pl\/index.php\/wp-json\/wp\/v2\/tags?post=84"}],"curies":[{"name":"wp","href":"https:\/\/api.w.org\/{rel}","templated":true}]}}