{"id":130,"date":"2021-02-21T13:44:00","date_gmt":"2021-02-21T12:44:00","guid":{"rendered":"https:\/\/emilszwajk.pl\/?p=130"},"modified":"2022-04-24T12:42:15","modified_gmt":"2022-04-24T10:42:15","slug":"wywiad-u-pana-winyla","status":"publish","type":"post","link":"https:\/\/emilszwajk.pl\/index.php\/2021\/02\/21\/wywiad-u-pana-winyla\/","title":{"rendered":"Wywiad u Pana Winyla"},"content":{"rendered":"\n<div class=\"wp-block-image\"><figure class=\"aligncenter size-large is-resized\"><img loading=\"lazy\" src=\"https:\/\/emilszwajk.pl\/wp-content\/uploads\/2021\/05\/Zrzut-ekranu-2021-05-16-o-13.24.57-778x1024.png\" alt=\"wywiad Pan Winyl\" class=\"wp-image-131\" width=\"650\" height=\"856\" srcset=\"https:\/\/emilszwajk.pl\/wp-content\/uploads\/2021\/05\/Zrzut-ekranu-2021-05-16-o-13.24.57-778x1024.png 778w, https:\/\/emilszwajk.pl\/wp-content\/uploads\/2021\/05\/Zrzut-ekranu-2021-05-16-o-13.24.57-228x300.png 228w, https:\/\/emilszwajk.pl\/wp-content\/uploads\/2021\/05\/Zrzut-ekranu-2021-05-16-o-13.24.57-768x1010.png 768w, https:\/\/emilszwajk.pl\/wp-content\/uploads\/2021\/05\/Zrzut-ekranu-2021-05-16-o-13.24.57.png 856w\" sizes=\"(max-width: 650px) 100vw, 650px\" \/><figcaption>Wywiad i sylwetka Emila Szwajka na portalu Pan Winyl<\/figcaption><\/figure><\/div>\n\n\n\n<p>Pan Winyl to portal w kt\u00f3rym mo\u017cemy znale\u017a\u0107 m.in. muzyczne aktualno\u015bci, premiery, felietony czy wywiady. W lutym pojawi\u0142 si\u0119 r\u00f3wnie\u017c <a rel=\"noreferrer noopener\" href=\"https:\/\/panwinyl.pl\/2021\/02\/21\/emil-szwajk-wywiad-i-sylwetka-artysty\/?fbclid=IwAR0J9Hnr7rMWgSIROkqhzma27gD-d6KT8ir8EP_Y0m1qicUVN_P69y8F2kg\" data-type=\"URL\" data-id=\"https:\/\/panwinyl.pl\/2021\/02\/21\/emil-szwajk-wywiad-i-sylwetka-artysty\/?fbclid=IwAR0J9Hnr7rMWgSIROkqhzma27gD-d6KT8ir8EP_Y0m1qicUVN_P69y8F2kg\" target=\"_blank\">artyku\u0142 <\/a>na temat Emila. Przeczyta\u0107 mo\u017cemy kr\u00f3tk\u0105 recenzj\u0119 utwor\u00f3w a tak\u017ce wywiad Hanny Halek z muzykiem. W rozmowie Emil opowiada o pracy nad singlami, relacji z s\u0142uchaczem oraz winylowych w<\/p>\n","protected":false},"excerpt":{"rendered":"<p>Pan Winyl to portal w kt\u00f3rym mo\u017cemy znale\u017a\u0107 m.in. muzyczne aktualno\u015bci, premiery, felietony czy wywiady. W lutym pojawi\u0142 si\u0119 r\u00f3wnie\u017c artyku\u0142 na temat Emila. Przeczyta\u0107 mo\u017cemy kr\u00f3tk\u0105 recenzj\u0119 utwor\u00f3w a tak\u017ce wywiad Hanny Halek z muzykiem. W rozmowie Emil opowiada o pracy nad singlami, relacji<span class=\"more-button\"><a href=\"https:\/\/emilszwajk.pl\/index.php\/2021\/02\/21\/wywiad-u-pana-winyla\/\" class=\"more-link button ghost-button \"><span>CZYTAJ DALEJ<\/span><span class=\"screen-reader-text\">Wywiad u Pana Winyla<\/span><\/a><\/span><\/p>\n","protected":false},"author":1,"featured_media":134,"comment_status":"open","ping_status":"open","sticky":false,"template":"","format":"standard","meta":[],"categories":[9],"tags":[],"_links":{"self":[{"href":"https:\/\/emilszwajk.pl\/index.php\/wp-json\/wp\/v2\/posts\/130"}],"collection":[{"href":"https:\/\/emilszwajk.pl\/index.php\/wp-json\/wp\/v2\/posts"}],"about":[{"href":"https:\/\/emilszwajk.pl\/index.php\/wp-json\/wp\/v2\/types\/post"}],"author":[{"embeddable":true,"href":"https:\/\/emilszwajk.pl\/index.php\/wp-json\/wp\/v2\/users\/1"}],"replies":[{"embeddable":true,"href":"https:\/\/emilszwajk.pl\/index.php\/wp-json\/wp\/v2\/comments?post=130"}],"version-history":[{"count":11,"href":"https:\/\/emilszwajk.pl\/index.php\/wp-json\/wp\/v2\/posts\/130\/revisions"}],"predecessor-version":[{"id":180,"href":"https:\/\/emilszwajk.pl\/index.php\/wp-json\/wp\/v2\/posts\/130\/revisions\/180"}],"wp:featuredmedia":[{"embeddable":true,"href":"https:\/\/emilszwajk.pl\/index.php\/wp-json\/wp\/v2\/media\/134"}],"wp:attachment":[{"href":"https:\/\/emilszwajk.pl\/index.php\/wp-json\/wp\/v2\/media?parent=130"}],"wp:term":[{"taxonomy":"category","embeddable":true,"href":"https:\/\/emilszwajk.pl\/index.php\/wp-json\/wp\/v2\/categories?post=130"},{"taxonomy":"post_tag","embeddable":true,"href":"https:\/\/emilszwajk.pl\/index.php\/wp-json\/wp\/v2\/tags?post=130"}],"curies":[{"name":"wp","href":"https:\/\/api.w.org\/{rel}","templated":true}]}}