{"id":122,"date":"2021-02-27T13:09:00","date_gmt":"2021-02-27T12:09:00","guid":{"rendered":"https:\/\/emilszwajk.pl\/?p=122"},"modified":"2022-04-24T12:43:15","modified_gmt":"2022-04-24T10:43:15","slug":"emil-gosciem-audycji-bedzie-glosno-w-radiu-czworka","status":"publish","type":"post","link":"https:\/\/emilszwajk.pl\/index.php\/2021\/02\/27\/emil-gosciem-audycji-bedzie-glosno-w-radiu-czworka\/","title":{"rendered":"Emil go\u015bciem audycji &#8222;B\u0119dzie g\u0142o\u015bno&#8221; w Radiu Czw\u00f3rka"},"content":{"rendered":"\n<div class=\"wp-block-image\"><figure class=\"aligncenter size-full is-resized\"><img loading=\"lazy\" src=\"https:\/\/emilszwajk.pl\/wp-content\/uploads\/2021\/05\/be\u0328dzie-glos\u0301no.png\" alt=\"Audycja B\u0119dzie G\u0142o\u015bno\" class=\"wp-image-123\" width=\"688\" height=\"686\" srcset=\"https:\/\/emilszwajk.pl\/wp-content\/uploads\/2021\/05\/be\u0328dzie-glos\u0301no.png 968w, https:\/\/emilszwajk.pl\/wp-content\/uploads\/2021\/05\/be\u0328dzie-glos\u0301no-300x300.png 300w, https:\/\/emilszwajk.pl\/wp-content\/uploads\/2021\/05\/be\u0328dzie-glos\u0301no-150x150.png 150w, https:\/\/emilszwajk.pl\/wp-content\/uploads\/2021\/05\/be\u0328dzie-glos\u0301no-768x766.png 768w, https:\/\/emilszwajk.pl\/wp-content\/uploads\/2021\/05\/be\u0328dzie-glos\u0301no-50x50.png 50w\" sizes=\"(max-width: 688px) 100vw, 688px\" \/><figcaption>Audycja w radiu czw\u00f3rka b\u0119dzie g\u0142o\u015bno<\/figcaption><\/figure><\/div>\n\n\n\n<p>&#8222;B\u0119dzie g\u0142o\u015bno!&#8221; to program Damiana Sikorskiego promuj\u0105cy m\u0142odych, polskich muzyk\u00f3w, kt\u00f3rzy nie maj\u0105 jeszcze kontraktu z wytw\u00f3rni\u0105. Podczas audycji mogli\u015bmy us\u0142ysze\u0107 dwa single Emila &#8222;Mobilem&#8221; i &#8222;Love Song&#8221; oraz wywiad z artyst\u0105. Zapis  emisji dost\u0119pny jest na <a rel=\"noreferrer noopener\" href=\"https:\/\/www.polskieradio.pl\/10\/5370\/Artykul\/2687240,Bedzie-glosno-26-lutego-godz-1805?fbclid=IwAR0n-yVqsiAXT97VF47zLLM5Ml0cMJgD9nZC5C0OiResLAVDexNWyr6vUsc\" target=\"_blank\">stronie Polskiego Radia Czw\u00f3rka<\/a>.<\/p>\n","protected":false},"excerpt":{"rendered":"<p>&#8222;B\u0119dzie g\u0142o\u015bno!&#8221; to program Damiana Sikorskiego promuj\u0105cy m\u0142odych, polskich muzyk\u00f3w, kt\u00f3rzy nie maj\u0105 jeszcze kontraktu z wytw\u00f3rni\u0105. Podczas audycji mogli\u015bmy us\u0142ysze\u0107 dwa single Emila &#8222;Mobilem&#8221; i &#8222;Love Song&#8221; oraz wywiad z artyst\u0105. Zapis emisji dost\u0119pny jest na stronie Polskiego Radia Czw\u00f3rka.<\/p>\n","protected":false},"author":1,"featured_media":123,"comment_status":"open","ping_status":"open","sticky":false,"template":"","format":"standard","meta":[],"categories":[9],"tags":[],"_links":{"self":[{"href":"https:\/\/emilszwajk.pl\/index.php\/wp-json\/wp\/v2\/posts\/122"}],"collection":[{"href":"https:\/\/emilszwajk.pl\/index.php\/wp-json\/wp\/v2\/posts"}],"about":[{"href":"https:\/\/emilszwajk.pl\/index.php\/wp-json\/wp\/v2\/types\/post"}],"author":[{"embeddable":true,"href":"https:\/\/emilszwajk.pl\/index.php\/wp-json\/wp\/v2\/users\/1"}],"replies":[{"embeddable":true,"href":"https:\/\/emilszwajk.pl\/index.php\/wp-json\/wp\/v2\/comments?post=122"}],"version-history":[{"count":5,"href":"https:\/\/emilszwajk.pl\/index.php\/wp-json\/wp\/v2\/posts\/122\/revisions"}],"predecessor-version":[{"id":181,"href":"https:\/\/emilszwajk.pl\/index.php\/wp-json\/wp\/v2\/posts\/122\/revisions\/181"}],"wp:featuredmedia":[{"embeddable":true,"href":"https:\/\/emilszwajk.pl\/index.php\/wp-json\/wp\/v2\/media\/123"}],"wp:attachment":[{"href":"https:\/\/emilszwajk.pl\/index.php\/wp-json\/wp\/v2\/media?parent=122"}],"wp:term":[{"taxonomy":"category","embeddable":true,"href":"https:\/\/emilszwajk.pl\/index.php\/wp-json\/wp\/v2\/categories?post=122"},{"taxonomy":"post_tag","embeddable":true,"href":"https:\/\/emilszwajk.pl\/index.php\/wp-json\/wp\/v2\/tags?post=122"}],"curies":[{"name":"wp","href":"https:\/\/api.w.org\/{rel}","templated":true}]}}